{"id":1039,"date":"2025-04-23T18:00:00","date_gmt":"2025-04-23T22:00:00","guid":{"rendered":"https:\/\/www.righttorepair.ca\/?post_type=news&#038;p=1039"},"modified":"2025-04-23T16:15:11","modified_gmt":"2025-04-23T20:15:11","slug":"elections-federales-de-2025-ce-que-les-plateformes-des-principaux-partis-politiques-du-canada-signifient-pour-le-secteur-de-lentretien-et-de-la-reparation-automobile","status":"publish","type":"news","link":"https:\/\/www.righttorepair.ca\/fr\/nouvelles\/elections-federales-de-2025-ce-que-les-plateformes-des-principaux-partis-politiques-du-canada-signifient-pour-le-secteur-de-lentretien-et-de-la-reparation-automobile\/","title":{"rendered":"\u00c9lections f\u00e9d\u00e9rales de 2025\u202f: Ce que les plateformes des principaux partis politiques du Canada signifient pour le secteur de l&rsquo;entretien et de la r\u00e9paration automobile"},"content":{"rendered":"\n<p>Alors que le Canada se dirige vers la Journ\u00e9e des \u00e9lections f\u00e9d\u00e9rales, les deux principaux partis politiques du pays ont pr\u00e9sent\u00e9 leurs visions concurrentes quant \u00e0 la route \u00e0 suivre, alors qu\u2019ils se disputent l\u2019occasion de former un gouvernement. Voici ce que vous devez savoir sur les plateformes \u00e9lectorales \u00ab\u2009Changement\u2009\u00bb du Parti conservateur du Canada (PCC) et \u00ab\u2009Canada fort\u2009\u00bb du Parti lib\u00e9ral du Canada (PLC). Nous y pr\u00e9sentons un aper\u00e7u des aspects qui concernent directement votre entreprise, votre main-d\u2019\u0153uvre et l\u2019avenir du secteur de l\u2019entretien et de la r\u00e9paration automobile.&nbsp;<\/p>\n\n\n\n<h2 class=\"wp-block-heading\"><strong>Promouvoir le secteur de l\u2019entretien et de la r\u00e9paration automobile, mais en changeant de vitesse<\/strong>&nbsp;<\/h2>\n\n\n\n<p>Le PCC et le PLC reconnaissent l\u2019importance du secteur automobile au Canada, mais leurs approches diff\u00e8rent fondamentalement.&nbsp;<\/p>\n\n\n\n<p>Le PCC promet de prot\u00e9ger le choix des consommateurs en \u00e9liminant la taxe f\u00e9d\u00e9rale propos\u00e9e de 20\u2009000\u202f$ sur les v\u00e9hicules \u00e0 essence. Il souhaite aussi r\u00e9duire la TPS sur les v\u00e9hicules fabriqu\u00e9s au Canada, une mesure visant \u00e0 soutenir l\u2019industrie nationale dans un contexte de tarifs am\u00e9ricains. Finalement, il s\u2019engage \u00e0 mettre sur pied un \u00ab\u2009Fonds pour la protection des emplois canadiens\u2009\u00bb afin de prot\u00e9ger les travailleurs touch\u00e9s par ces politiques commerciales.&nbsp;<\/p>\n\n\n\n<p>D\u2019un autre c\u00f4t\u00e9, le PLC s\u2019engage \u00e0 favoriser l\u2019investissement national et l\u2019autonomie manufacturi\u00e8re en cr\u00e9ant un Fonds de r\u00e9ponse strat\u00e9gique de 2 milliards de dollars pour stimuler la comp\u00e9titivit\u00e9 du secteur de l&rsquo;entretien et de la r\u00e9paration automobile et attirer les investissements. Leur plan vise aussi \u00e0 mettre en place un r\u00e9seau de pi\u00e8ces \u00ab\u2009100\u202fpour cent canadien\u2009\u00bb afin de renforcer les cha\u00eenes d\u2019approvisionnement et de r\u00e9duire les d\u00e9pendances de production transfrontali\u00e8res.&nbsp;<\/p>\n\n\n\n<p><strong>Ce que cela signifie pour vous\u202f: <\/strong>Si votre entreprise construit, r\u00e9pare ou fournit des v\u00e9hicules, attendez-vous \u00e0 des changements potentiels dans l\u2019environnement r\u00e9glementaire et commercial.&nbsp;<\/p>\n\n\n\n<h2 class=\"wp-block-heading\"><strong>M\u00e9tiers sp\u00e9cialis\u00e9s\u202f: une priorit\u00e9 nationale<\/strong>&nbsp;<\/h2>\n\n\n\n<p>Le PLC vise \u00e0 assurer l\u2019avenir de la main-d\u2019\u0153uvre en veillant \u00e0 ce que les programmes de formation financ\u00e9s par le gouvernement f\u00e9d\u00e9ral soient mieux adapt\u00e9s au march\u00e9 du travail et r\u00e9pondent aux besoins des employeurs d\u2019aujourd\u2019hui et de demain. Leur plan comprend\u202f:&nbsp;<\/p>\n\n\n\n<ul class=\"wp-block-list\">\n<li>Une nouvelle subvention d\u2019apprentissage de 8 000\u202f$ qui pourra \u00eatre convertie en un pr\u00eat sans int\u00e9r\u00eat au besoin.\u00a0<\/li>\n<\/ul>\n\n\n\n<ul class=\"wp-block-list\">\n<li>Doubler le financement du Programme de formation et d\u2019innovation syndicale (de 25\u202fmillions de dollars \u00e0 50\u202fmillions de dollars).\u00a0<\/li>\n<\/ul>\n\n\n\n<ul class=\"wp-block-list\">\n<li>Allouer 20 millions de dollars pour am\u00e9liorer les infrastructures des coll\u00e8ges de commerce et accro\u00eetre le financement op\u00e9rationnel.\u00a0<\/li>\n<\/ul>\n\n\n\n<ul class=\"wp-block-list\">\n<li>Appui \u00e0 l\u2019apprentissage par les employeurs dans le cadre du programme des services d\u2019apprentissage, avec un financement additionnel pour les femmes et les groupes sous-repr\u00e9sent\u00e9s.\u00a0<\/li>\n<\/ul>\n\n\n\n<ul class=\"wp-block-list\">\n<li>De plus, ils cr\u00e9eront une subvention de 15\u2009000\u202f$ pour am\u00e9liorer les comp\u00e9tences des travailleurs en milieu de carri\u00e8re dans des secteurs comme la fabrication automobile.\u00a0<\/li>\n<\/ul>\n\n\n\n<p>De plus, le PLC vise \u00e0 ce que les travailleurs canadiens touch\u00e9s par les tarifs puissent continuer \u00e0 exercer un bon emploi bien r\u00e9mun\u00e9r\u00e9, qui leur permettra de faire progresser leur carri\u00e8re dans des secteurs prioritaires. Pour ce faire, il \u00e9laborera ces mesures de soutien en partenariat avec les syndicats, les employeurs et l\u2019industrie.&nbsp;<\/p>\n\n\n\n<p>Le PCC adopte une approche semblable en appuyant les subventions aux apprentis, le financement des salles de formation, ainsi qu\u2019une trousse d\u2019outils pour les m\u00e9tiers propos\u00e9e pour les \u00e9l\u00e8ves du secondaire.&nbsp;<\/p>\n\n\n\n<p><strong>Ce que cela signifie pour vous\u202f: <\/strong>Ces politiques ont le potentiel de r\u00e9duire les obstacles \u00e0 l\u2019embauche, de rendre l\u2019apprentissage plus accessible et d\u2019aider \u00e0 combler les lacunes en mati\u00e8re de comp\u00e9tences dans le secteur canadien de l&rsquo;entretien et de la r\u00e9paration automobile. Si vous formez ou employez des gens de m\u00e9tier, il pourrait y avoir de nouvelles possibilit\u00e9s de financement \u00e0 l\u2019avenir.&nbsp;<\/p>\n\n\n\n<h2 class=\"wp-block-heading\"><strong>V\u00e9hicules \u00e9lectriques\u202f: La charge est en avant, mais avec des mises en garde<\/strong>&nbsp;<\/h2>\n\n\n\n<p>La voie de l\u2019\u00e9lectrification est au c\u0153ur des pr\u00e9occupations des deux parties, mais elles divergent quant au rythme et aux acteurs.&nbsp;<\/p>\n\n\n\n<p>Le PLC double leur infrastructure de v\u00e9hicules \u00e9lectriques (V\u00c9), promettant des milliers de nouvelles bornes de recharge d\u2019ici\u202f2027 et des mesures incitatives pour les V\u00c9 canadiens. Cette initiative s\u2019appuie sur les six principaux cr\u00e9dits d\u2019imp\u00f4t li\u00e9s aux \u00e9nergies propres et les v\u00e9hicules \u00e9lectriques du Canada, qui visent \u00e0 remodeler la cha\u00eene d\u2019approvisionnement \u00e0 partir de z\u00e9ro.&nbsp;<\/p>\n\n\n\n<p>Le PCC, quant \u00e0 lui, adopte une approche \u00ab\u2009technologique et non fiscale\u2009\u00bb. Il veut mettre fin aux rabais accord\u00e9s aux v\u00e9hicules \u00e9lectriques produits en Chine, pr\u00e9server le libre-choix du consommateur en \u00e9vitant de taxer les voitures \u00e0 essence, et maintenir des incitatifs propres dans la cha\u00eene d\u2019approvisionnement canadienne.&nbsp;<\/p>\n\n\n\n<p><strong>Ce que cela signifie pour vous\u202f: <\/strong>Que vous pr\u00e9pariez votre entreprise pour plus de V\u00c9 ou que vous \u00e9valuiez, la strat\u00e9gie d\u2019inventaire, les changements de politique fa\u00e7onneront la demande des clients et le cycle de vie des v\u00e9hicules.<strong> <\/strong>Le soutien des V\u00c9 fabriqu\u00e9s au Canada et des entreprises qui les entretiennent demeure un objectif commun pour les deux parties.&nbsp;<\/p>\n\n\n\n<h2 class=\"wp-block-heading\"><strong>Lutte contre le vol de v\u00e9hicule\u202f: une priorit\u00e9 croissante<\/strong>\u00a0<\/h2>\n\n\n\n<p>La plateforme du PCC adopte une position ferme contre l\u2019augmentation de la criminalit\u00e9 li\u00e9e aux v\u00e9hicules. Il propose des mesures de r\u00e9pression contre le vol de v\u00e9hicule, l\u2019extorsion et la fraude. Il r\u00e9clame des peines minimales, l\u2019interdiction de la d\u00e9tention \u00e0 domicile et de nouvelles infractions visant les r\u00e9seaux de vol organis\u00e9.&nbsp;<\/p>\n\n\n\n<p>M\u00eame si ce probl\u00e8me n\u2019a pas \u00e9t\u00e9 abord\u00e9 dans la plateforme PLC, il demeure une pr\u00e9occupation pour de nombreuses personnes. Le vol de v\u00e9hicule n\u2019est pas seulement un probl\u00e8me de consommation, mais aussi un facteur de co\u00fbt et un risque op\u00e9rationnel pour les entreprises du secteur de l&rsquo;entretien et de la r\u00e9paration automobile.&nbsp;<\/p>\n\n\n\n<p><strong>Ce que cela signifie pour vous\u202f: <\/strong>L\u2019augmentation des peines p\u00e9nales pourrait dissuader le vol et r\u00e9duire les taux d\u2019assurance, mais les mesures de pr\u00e9vention \u2014 du suivi GPS \u00e0 la gravure des v\u00e9hicules \u2014 demeurent essentielles au niveau des ateliers.&nbsp;<\/p>\n\n\n\n<h2 class=\"wp-block-heading\"><strong>Plus de concurrence, moins de monopoles<\/strong>&nbsp;<\/h2>\n\n\n\n<p>Le PCC demande un examen complet des oligopoles sous r\u00e9glementation f\u00e9d\u00e9rale. Cette mesure vise \u00e0 faire baisser les prix pour les consommateurs en favorisant une plus grande concurrence. Cela pourrait avoir une incidence sur des domaines comme la logistique, l\u2019assurance et la distribution de pi\u00e8ces, qui sont essentiels au secteur de l&rsquo;entretien et de la r\u00e9paration automobile.&nbsp;<\/p>\n\n\n\n<p>Le PLC veut faciliter l\u2019achat de produits canadiens par les Canadiens. Pour y arriver, il entend travailler avec les d\u00e9taillants et les fabricants, en maximisant la cha\u00eene d\u2019approvisionnement du pays. Il esp\u00e8re ainsi augmenter la transparence de l\u2019\u00e9tiquetage des produits, afin d\u2019identifier ce qui est \u2014 et ce qui n\u2019est pas \u2014 un produit canadien.&nbsp;<\/p>\n\n\n\n<p><strong>Ce que cela signifie pour vous\u202f: <\/strong>Si vous \u00eates un fabricant ou un fournisseur canadien, des initiatives plus fortes \u00ab\u2009Acheter Canadien\u2009\u00bb pourraient vous donner une longueur d\u2019avance, et une concurrence accrue dans les industries adjacentes pourrait am\u00e9liorer votre structure de co\u00fbts.&nbsp;<\/p>\n\n\n\n<h2 class=\"wp-block-heading\"><strong>La route \u00e0 suivre<\/strong>&nbsp;<\/h2>\n\n\n\n<p>Pour le secteur canadien de l\u2019entretien et de la r\u00e9paration automobile, les enjeux de cette \u00e9lection sont \u00e9lev\u00e9s. Que vous soyez propri\u00e9taire d\u2019un atelier ind\u00e9pendant ou d\u2019une cha\u00eene d\u2019approvisionnement \u00e0 plusieurs emplacements, les d\u00e9cisions politiques f\u00e9d\u00e9rales ont un impact sur tous les aspects de votre entreprise, de la main-d\u2019\u0153uvre que vous embauchez aux v\u00e9hicules qui circulent dans vos ateliers.&nbsp;<\/p>\n\n\n\n<p>Chez l&rsquo;AIA Canada, nous suivons chaque tournant de la route et sommes l\u00e0 pour vous aider \u00e0 d\u00e9fendre l\u2019industrie. Visitez <a href=\"https:\/\/www.righttorepair.ca\/fr\/marchesecondairevote\/\" target=\"_blank\" rel=\"noreferrer noopener\"><strong>MarcheSecondaireVote.ca<\/strong><\/a> pour communiquer avec votre candidat d\u00e9put\u00e9\/d\u00e9put\u00e9e local et faire entendre votre voix.&nbsp;<\/p>\n","protected":false},"featured_media":1038,"parent":0,"menu_order":0,"template":"","format":"standard","news-category":[30],"class_list":["post-1039","news","type-news","status-publish","format-standard","has-post-thumbnail","hentry","news-category-elections-2025"],"acf":[],"aioseo_notices":[],"_links":{"self":[{"href":"https:\/\/www.righttorepair.ca\/fr\/wp-json\/wp\/v2\/news\/1039","targetHints":{"allow":["GET"]}}],"collection":[{"href":"https:\/\/www.righttorepair.ca\/fr\/wp-json\/wp\/v2\/news"}],"about":[{"href":"https:\/\/www.righttorepair.ca\/fr\/wp-json\/wp\/v2\/types\/news"}],"wp:featuredmedia":[{"embeddable":true,"href":"https:\/\/www.righttorepair.ca\/fr\/wp-json\/wp\/v2\/media\/1038"}],"wp:attachment":[{"href":"https:\/\/www.righttorepair.ca\/fr\/wp-json\/wp\/v2\/media?parent=1039"}],"wp:term":[{"taxonomy":"news-category","embeddable":true,"href":"https:\/\/www.righttorepair.ca\/fr\/wp-json\/wp\/v2\/news-category?post=1039"}],"curies":[{"name":"wp","href":"https:\/\/api.w.org\/{rel}","templated":true}]}}